{"id":999,"date":"2022-06-03T08:31:19","date_gmt":"2022-06-03T06:31:19","guid":{"rendered":"http:\/\/www.minpx.com\/?p=999"},"modified":"2022-06-03T19:13:48","modified_gmt":"2022-06-03T17:13:48","slug":"our-responsibility-as-photographer","status":"publish","type":"post","link":"http:\/\/www.minpx.com\/index.php\/2022\/06\/03\/our-responsibility-as-photographer\/","title":{"rendered":"our responsibility as photographer"},"content":{"rendered":"<p>I would like to be one of those photographers who at least put the protection of nature and the environment on the same level as photography. Who, if not us, should be more interested in finding the beautiful areas that still exist today? Would nature photographer really wants to get up tomorrow and most of the countless species no longer exist?<br \/>\nThat means we must do our part to protect this world. Our ecological footprint must contribute, and more than that, to conserving the beauty of nature. Otherwise we won&#8217;t have anything left to photograph tomorrow.<\/p>\n<p><img data-recalc-dims=\"1\" loading=\"lazy\" decoding=\"async\" class=\"alignnone size-full wp-image-940\" src=\"https:\/\/i0.wp.com\/www.minpx.com\/wp-content\/uploads\/2022\/06\/Sonnenuntergang3-scaled.jpg?resize=770%2C513\" alt=\"\" width=\"770\" height=\"513\" srcset=\"https:\/\/i0.wp.com\/www.minpx.com\/wp-content\/uploads\/2022\/06\/Sonnenuntergang3-scaled.jpg?w=2560 2560w, https:\/\/i0.wp.com\/www.minpx.com\/wp-content\/uploads\/2022\/06\/Sonnenuntergang3-scaled.jpg?resize=300%2C200 300w, https:\/\/i0.wp.com\/www.minpx.com\/wp-content\/uploads\/2022\/06\/Sonnenuntergang3-scaled.jpg?resize=700%2C467 700w, https:\/\/i0.wp.com\/www.minpx.com\/wp-content\/uploads\/2022\/06\/Sonnenuntergang3-scaled.jpg?resize=768%2C512 768w, https:\/\/i0.wp.com\/www.minpx.com\/wp-content\/uploads\/2022\/06\/Sonnenuntergang3-scaled.jpg?resize=1536%2C1024 1536w, https:\/\/i0.wp.com\/www.minpx.com\/wp-content\/uploads\/2022\/06\/Sonnenuntergang3-scaled.jpg?resize=2048%2C1365 2048w, https:\/\/i0.wp.com\/www.minpx.com\/wp-content\/uploads\/2022\/06\/Sonnenuntergang3-scaled.jpg?w=2310 2310w\" sizes=\"auto, (max-width: 770px) 100vw, 770px\" \/><\/p>\n<p>Ich m\u00f6chte zu den Fotografen geh\u00f6ren, die Natur- und Umweltschutz der Fotografie mindestens gleichstellen. Wer, wenn nicht wir, sollte mehr Interesse daran haben auch morgen noch die sch\u00f6nen Gebiete vorzufinden, die es heute noch gibt? Welcher Naturfotograf will denn wirklich morgen aufstehen und von den unz\u00e4hligen Arten gibt es die meisten gar nicht mehr?<br \/>\nDas bedeutet, dass wir unseres dazu beitragen m\u00fcssen diese Welt zu sch\u00fctzen. Unser \u00f6kologischer Fu\u00dfabdruck muss dazu beitragen und mehr als das, die Sch\u00f6nheit der Natur zu erhalten. Sonst haben wir morgen nichts mehr was wir fotografieren k\u00f6nnten.<\/p>\n<div id=\"attachment_915\" style=\"width: 2570px\" class=\"wp-caption alignnone\"><img data-recalc-dims=\"1\" loading=\"lazy\" decoding=\"async\" aria-describedby=\"caption-attachment-915\" class=\"wp-image-915 size-full\" src=\"https:\/\/i0.wp.com\/www.minpx.com\/wp-content\/uploads\/2022\/06\/waldmorgen-scaled.jpg?resize=770%2C513\" alt=\"\" width=\"770\" height=\"513\" srcset=\"https:\/\/i0.wp.com\/www.minpx.com\/wp-content\/uploads\/2022\/06\/waldmorgen-scaled.jpg?w=2560 2560w, https:\/\/i0.wp.com\/www.minpx.com\/wp-content\/uploads\/2022\/06\/waldmorgen-scaled.jpg?resize=300%2C200 300w, https:\/\/i0.wp.com\/www.minpx.com\/wp-content\/uploads\/2022\/06\/waldmorgen-scaled.jpg?resize=700%2C467 700w, https:\/\/i0.wp.com\/www.minpx.com\/wp-content\/uploads\/2022\/06\/waldmorgen-scaled.jpg?resize=768%2C512 768w, https:\/\/i0.wp.com\/www.minpx.com\/wp-content\/uploads\/2022\/06\/waldmorgen-scaled.jpg?resize=1536%2C1024 1536w, https:\/\/i0.wp.com\/www.minpx.com\/wp-content\/uploads\/2022\/06\/waldmorgen-scaled.jpg?resize=2048%2C1365 2048w, https:\/\/i0.wp.com\/www.minpx.com\/wp-content\/uploads\/2022\/06\/waldmorgen-scaled.jpg?w=2310 2310w\" sizes=\"auto, (max-width: 770px) 100vw, 770px\" \/><p id=\"caption-attachment-915\" class=\"wp-caption-text\">In nature you need to be as invisible as the photographer in this picture and your photo is the only memory<\/p><\/div>\n","protected":false},"excerpt":{"rendered":"<p>I would like to be one of those photographers who at least put the protection of nature and the environment on the same level as photography. Who, if not us, should be more interested in finding the beautiful areas that still exist today? Would nature photographer really wants to get&hellip; <\/p>\n","protected":false},"author":1,"featured_media":914,"comment_status":"closed","ping_status":"closed","sticky":false,"template":"","format":"standard","meta":{"_jetpack_memberships_contains_paid_content":false,"footnotes":""},"categories":[1],"tags":[],"class_list":["post-999","post","type-post","status-publish","format-standard","has-post-thumbnail","hentry","category-gedanken"],"jetpack_featured_media_url":"https:\/\/i0.wp.com\/www.minpx.com\/wp-content\/uploads\/2022\/06\/wakenitz_winter-scaled.jpg?fit=2560%2C1707","jetpack_sharing_enabled":true,"_links":{"self":[{"href":"http:\/\/www.minpx.com\/index.php\/wp-json\/wp\/v2\/posts\/999","targetHints":{"allow":["GET"]}}],"collection":[{"href":"http:\/\/www.minpx.com\/index.php\/wp-json\/wp\/v2\/posts"}],"about":[{"href":"http:\/\/www.minpx.com\/index.php\/wp-json\/wp\/v2\/types\/post"}],"author":[{"embeddable":true,"href":"http:\/\/www.minpx.com\/index.php\/wp-json\/wp\/v2\/users\/1"}],"replies":[{"embeddable":true,"href":"http:\/\/www.minpx.com\/index.php\/wp-json\/wp\/v2\/comments?post=999"}],"version-history":[{"count":4,"href":"http:\/\/www.minpx.com\/index.php\/wp-json\/wp\/v2\/posts\/999\/revisions"}],"predecessor-version":[{"id":1003,"href":"http:\/\/www.minpx.com\/index.php\/wp-json\/wp\/v2\/posts\/999\/revisions\/1003"}],"wp:featuredmedia":[{"embeddable":true,"href":"http:\/\/www.minpx.com\/index.php\/wp-json\/wp\/v2\/media\/914"}],"wp:attachment":[{"href":"http:\/\/www.minpx.com\/index.php\/wp-json\/wp\/v2\/media?parent=999"}],"wp:term":[{"taxonomy":"category","embeddable":true,"href":"http:\/\/www.minpx.com\/index.php\/wp-json\/wp\/v2\/categories?post=999"},{"taxonomy":"post_tag","embeddable":true,"href":"http:\/\/www.minpx.com\/index.php\/wp-json\/wp\/v2\/tags?post=999"}],"curies":[{"name":"wp","href":"https:\/\/api.w.org\/{rel}","templated":true}]}}