{"id":410,"date":"2019-05-08T20:40:53","date_gmt":"2019-05-08T18:40:53","guid":{"rendered":"http:\/\/www.minpx.com\/?p=410"},"modified":"2022-06-01T09:08:03","modified_gmt":"2022-06-01T07:08:03","slug":"nature-tour-2018-iceland-tag-7","status":"publish","type":"post","link":"http:\/\/www.minpx.com\/index.php\/2019\/05\/08\/nature-tour-2018-iceland-tag-7\/","title":{"rendered":"Nature Tour Iceland | Tag 7"},"content":{"rendered":"\r\n<p>Nach einem guten Fr\u00fchst\u00fcck und nicht ganz so fr\u00fch wie die letzten Tage fahren wir von Laugar ausgehend zun\u00e4chst Richtung Norden um dann, statt geradeaus auf die Stra\u00dfe 845 zu fahren, links abzubiegen um\u00a0der Stra\u00dfe 1 weiter zu folgen. Der Tag beginnt sonnig und die Erfahrungen der bisherigen Reise wirken zutiefst beruhigend und erf\u00fcllend. Wir sind gl\u00fccklich und zufrieden das erleben zu d\u00fcrfen. Wir geniessen die Landschaft, cruisen \u00fcber die Stra\u00dfe und freuen uns an jedem Anblick dieser weiten, beeindruckenden Landschaft. Eine Aussicht \u00fcber ein kleine Ebene, Fossholl, l\u00e4sst uns anhalten und diesen Anblick geniessen. Dieser ungest\u00fcme wilde Ausdruck, die Weite bei gleichzeitiger zutiefst empfundener Ruhe findet man auf dieser Welt nicht besonders oft.\u00a0<\/p>\r\n\r\n\r\n\r\n<figure class=\"wp-block-image\"><img data-recalc-dims=\"1\" loading=\"lazy\" decoding=\"async\" width=\"770\" height=\"513\" class=\"wp-image-411\" src=\"https:\/\/i0.wp.com\/www.minpx.com\/wp-content\/uploads\/2019\/05\/fossholl.jpg?resize=770%2C513\" alt=\"\" srcset=\"https:\/\/i0.wp.com\/www.minpx.com\/wp-content\/uploads\/2019\/05\/fossholl.jpg?w=2048 2048w, https:\/\/i0.wp.com\/www.minpx.com\/wp-content\/uploads\/2019\/05\/fossholl.jpg?resize=300%2C200 300w, https:\/\/i0.wp.com\/www.minpx.com\/wp-content\/uploads\/2019\/05\/fossholl.jpg?resize=768%2C512 768w, https:\/\/i0.wp.com\/www.minpx.com\/wp-content\/uploads\/2019\/05\/fossholl.jpg?resize=700%2C467 700w, https:\/\/i0.wp.com\/www.minpx.com\/wp-content\/uploads\/2019\/05\/fossholl.jpg?w=1540 1540w\" sizes=\"auto, (max-width: 770px) 100vw, 770px\" \/><\/figure>\r\n\r\n\r\n\r\n<p>Der Eindruck wirkt noch nach als wir von weitem einige wenige Reisbusse auf einem Parkplatz sehen, als wir uns auf der leicht bergab f\u00fchrenden Strasse einer Kreuzung n\u00e4hern. Ein skeptischer Blick ob sich ein Halt lohnt, weil unsere Abneigung gegen distanzlose Menschen Pl\u00e4tze meiden l\u00e4sst wo genau solche Typen herum laufen. Der Parkplatz ist m\u00e4\u00dfig besetzt und so viele Busse bzw. Fahrzeuge sind es nicht, also freuen wir uns auf einen gelungenen Aufenthalt.<\/p>\r\n\r\n\r\n\r\n<p>Wir erkunden das Gebiet rund um Go\u00f0afoss.<\/p>\r\n\r\n\r\n\r\n<ul class=\"wp-block-gallery columns-1 is-cropped wp-block-gallery-1 is-layout-flex wp-block-gallery-is-layout-flex\">\r\n<li class=\"blocks-gallery-item\">\r\n<figure><img data-recalc-dims=\"1\" loading=\"lazy\" decoding=\"async\" width=\"700\" height=\"467\" class=\"wp-image-415\" src=\"https:\/\/i0.wp.com\/www.minpx.com\/wp-content\/uploads\/2019\/05\/godafossA02.jpg?resize=700%2C467\" alt=\"\" data-id=\"415\" data-link=\"http:\/\/www.minpx.com\/?attachment_id=415\" srcset=\"https:\/\/i0.wp.com\/www.minpx.com\/wp-content\/uploads\/2019\/05\/godafossA02.jpg?resize=700%2C467 700w, https:\/\/i0.wp.com\/www.minpx.com\/wp-content\/uploads\/2019\/05\/godafossA02.jpg?resize=300%2C200 300w, https:\/\/i0.wp.com\/www.minpx.com\/wp-content\/uploads\/2019\/05\/godafossA02.jpg?resize=768%2C512 768w, https:\/\/i0.wp.com\/www.minpx.com\/wp-content\/uploads\/2019\/05\/godafossA02.jpg?w=2048 2048w, https:\/\/i0.wp.com\/www.minpx.com\/wp-content\/uploads\/2019\/05\/godafossA02.jpg?w=1540 1540w\" sizes=\"auto, (max-width: 700px) 100vw, 700px\" \/><\/figure>\r\n<\/li>\r\n<li class=\"blocks-gallery-item\">\r\n<figure><img data-recalc-dims=\"1\" loading=\"lazy\" decoding=\"async\" width=\"700\" height=\"1050\" class=\"wp-image-416\" src=\"https:\/\/i0.wp.com\/www.minpx.com\/wp-content\/uploads\/2019\/05\/godafossA01.jpg?resize=700%2C1050\" alt=\"\" data-id=\"416\" data-link=\"http:\/\/www.minpx.com\/?attachment_id=416\" srcset=\"https:\/\/i0.wp.com\/www.minpx.com\/wp-content\/uploads\/2019\/05\/godafossA01.jpg?resize=700%2C1050 700w, https:\/\/i0.wp.com\/www.minpx.com\/wp-content\/uploads\/2019\/05\/godafossA01.jpg?resize=200%2C300 200w, https:\/\/i0.wp.com\/www.minpx.com\/wp-content\/uploads\/2019\/05\/godafossA01.jpg?resize=768%2C1152 768w, https:\/\/i0.wp.com\/www.minpx.com\/wp-content\/uploads\/2019\/05\/godafossA01.jpg?w=1365 1365w\" sizes=\"auto, (max-width: 700px) 100vw, 700px\" \/><\/figure>\r\n<\/li>\r\n<\/ul>\r\n\r\n\r\n\r\n<p>Zun\u00e4chst ist vom Wasserfall nicht viel zu sehen, zu dem man auf beiden Seiten wandern kann. Wir haben selbstverst\u00e4ndlich beide Seiten erkundet und uns auch etwas weiter umgesehen. Der Wasserfall selbst hat den Namen zurecht, er ist imposant, gro\u00df und spektakul\u00e4r. N\u00e4hert man sich \u00fcber die rechte Seite hat es etwas mehr den Charakter eines unebenen Pfades und es bieten sich ein paar Gelegenheiten den Wasserfall in seiner ganzen Pracht zu fotografieren.\u00a0<\/p>\r\n\r\n\r\n\r\n<ul class=\"wp-block-gallery columns-2 is-cropped wp-block-gallery-2 is-layout-flex wp-block-gallery-is-layout-flex\">\r\n<li class=\"blocks-gallery-item\">\r\n<figure><img data-recalc-dims=\"1\" loading=\"lazy\" decoding=\"async\" width=\"700\" height=\"467\" class=\"wp-image-412\" src=\"https:\/\/i0.wp.com\/www.minpx.com\/wp-content\/uploads\/2019\/05\/godafossR02b.jpg?resize=700%2C467\" alt=\"\" data-id=\"412\" data-link=\"http:\/\/www.minpx.com\/?attachment_id=412\" srcset=\"https:\/\/i0.wp.com\/www.minpx.com\/wp-content\/uploads\/2019\/05\/godafossR02b.jpg?resize=700%2C467 700w, https:\/\/i0.wp.com\/www.minpx.com\/wp-content\/uploads\/2019\/05\/godafossR02b.jpg?resize=300%2C200 300w, https:\/\/i0.wp.com\/www.minpx.com\/wp-content\/uploads\/2019\/05\/godafossR02b.jpg?resize=768%2C512 768w, https:\/\/i0.wp.com\/www.minpx.com\/wp-content\/uploads\/2019\/05\/godafossR02b.jpg?w=2048 2048w, https:\/\/i0.wp.com\/www.minpx.com\/wp-content\/uploads\/2019\/05\/godafossR02b.jpg?w=1540 1540w\" sizes=\"auto, (max-width: 700px) 100vw, 700px\" \/><\/figure>\r\n<\/li>\r\n<li class=\"blocks-gallery-item\">\r\n<figure><img data-recalc-dims=\"1\" loading=\"lazy\" decoding=\"async\" width=\"700\" height=\"467\" class=\"wp-image-413\" src=\"https:\/\/i0.wp.com\/www.minpx.com\/wp-content\/uploads\/2019\/05\/godafossR02.jpg?resize=700%2C467\" alt=\"\" data-id=\"413\" data-link=\"http:\/\/www.minpx.com\/?attachment_id=413\" srcset=\"https:\/\/i0.wp.com\/www.minpx.com\/wp-content\/uploads\/2019\/05\/godafossR02.jpg?resize=700%2C467 700w, https:\/\/i0.wp.com\/www.minpx.com\/wp-content\/uploads\/2019\/05\/godafossR02.jpg?resize=300%2C200 300w, https:\/\/i0.wp.com\/www.minpx.com\/wp-content\/uploads\/2019\/05\/godafossR02.jpg?resize=768%2C512 768w, https:\/\/i0.wp.com\/www.minpx.com\/wp-content\/uploads\/2019\/05\/godafossR02.jpg?w=2048 2048w, https:\/\/i0.wp.com\/www.minpx.com\/wp-content\/uploads\/2019\/05\/godafossR02.jpg?w=1540 1540w\" sizes=\"auto, (max-width: 700px) 100vw, 700px\" \/><\/figure>\r\n<\/li>\r\n<li class=\"blocks-gallery-item\">\r\n<figure><img data-recalc-dims=\"1\" loading=\"lazy\" decoding=\"async\" width=\"700\" height=\"467\" class=\"wp-image-414\" src=\"https:\/\/i0.wp.com\/www.minpx.com\/wp-content\/uploads\/2019\/05\/godafossR01.jpg?resize=700%2C467\" alt=\"\" data-id=\"414\" data-link=\"http:\/\/www.minpx.com\/?attachment_id=414\" srcset=\"https:\/\/i0.wp.com\/www.minpx.com\/wp-content\/uploads\/2019\/05\/godafossR01.jpg?resize=700%2C467 700w, https:\/\/i0.wp.com\/www.minpx.com\/wp-content\/uploads\/2019\/05\/godafossR01.jpg?resize=300%2C200 300w, https:\/\/i0.wp.com\/www.minpx.com\/wp-content\/uploads\/2019\/05\/godafossR01.jpg?resize=768%2C512 768w, https:\/\/i0.wp.com\/www.minpx.com\/wp-content\/uploads\/2019\/05\/godafossR01.jpg?w=2048 2048w, https:\/\/i0.wp.com\/www.minpx.com\/wp-content\/uploads\/2019\/05\/godafossR01.jpg?w=1540 1540w\" sizes=\"auto, (max-width: 700px) 100vw, 700px\" \/><\/figure>\r\n<\/li>\r\n<\/ul>\r\n\r\n\r\n\r\n<p>Ge\u00fcbte Wanderer und alle die sich das auch zutrauen k\u00f6nnen ganz bis an den Rand gehen um dort ein Foto zu versuchen. Das Erlebnis ist spektakul\u00e4rer als die Bilder, so viel sei verraten. Niemand muss sich f\u00fcr ein Bild in Lebensgefahr bringen, man bekommt ganz ordentliche Aufnahmen aber so umwerfend sind sie dann doch nicht.<\/p>\r\n\r\n\r\n\r\n<figure class=\"wp-block-image\"><img data-recalc-dims=\"1\" loading=\"lazy\" decoding=\"async\" width=\"700\" height=\"467\" class=\"wp-image-417\" src=\"https:\/\/i0.wp.com\/www.minpx.com\/wp-content\/uploads\/2019\/05\/godafossR03.jpg?resize=700%2C467\" alt=\"\" srcset=\"https:\/\/i0.wp.com\/www.minpx.com\/wp-content\/uploads\/2019\/05\/godafossR03.jpg?resize=700%2C467 700w, https:\/\/i0.wp.com\/www.minpx.com\/wp-content\/uploads\/2019\/05\/godafossR03.jpg?resize=300%2C200 300w, https:\/\/i0.wp.com\/www.minpx.com\/wp-content\/uploads\/2019\/05\/godafossR03.jpg?resize=768%2C512 768w, https:\/\/i0.wp.com\/www.minpx.com\/wp-content\/uploads\/2019\/05\/godafossR03.jpg?w=2048 2048w, https:\/\/i0.wp.com\/www.minpx.com\/wp-content\/uploads\/2019\/05\/godafossR03.jpg?w=1540 1540w\" sizes=\"auto, (max-width: 700px) 100vw, 700px\" \/><\/figure>\r\n\r\n\r\n\r\n<p>Interessant ist nat\u00fcrlich nicht nur der Wasserfall, sondern auch die Felsformationen entlang des Weges, wie auch der kleine Bachlauf ganz in der N\u00e4he. \u00dcberall erk\u00e4mpft sich die Natur St\u00fcck f\u00fcr St\u00fcck den Raum zur\u00fcck.<\/p>\r\n\r\n\r\n\r\n<ul class=\"wp-block-gallery columns-2 is-cropped wp-block-gallery-3 is-layout-flex wp-block-gallery-is-layout-flex\">\r\n<li class=\"blocks-gallery-item\">\r\n<figure><img data-recalc-dims=\"1\" loading=\"lazy\" decoding=\"async\" width=\"700\" height=\"467\" class=\"wp-image-418\" src=\"https:\/\/i0.wp.com\/www.minpx.com\/wp-content\/uploads\/2019\/05\/godafossR04b.jpg?resize=700%2C467\" alt=\"\" data-id=\"418\" data-link=\"http:\/\/www.minpx.com\/?attachment_id=418\" srcset=\"https:\/\/i0.wp.com\/www.minpx.com\/wp-content\/uploads\/2019\/05\/godafossR04b.jpg?resize=700%2C467 700w, https:\/\/i0.wp.com\/www.minpx.com\/wp-content\/uploads\/2019\/05\/godafossR04b.jpg?resize=300%2C200 300w, https:\/\/i0.wp.com\/www.minpx.com\/wp-content\/uploads\/2019\/05\/godafossR04b.jpg?resize=768%2C512 768w, https:\/\/i0.wp.com\/www.minpx.com\/wp-content\/uploads\/2019\/05\/godafossR04b.jpg?w=2048 2048w, https:\/\/i0.wp.com\/www.minpx.com\/wp-content\/uploads\/2019\/05\/godafossR04b.jpg?w=1540 1540w\" sizes=\"auto, (max-width: 700px) 100vw, 700px\" \/><\/figure>\r\n<\/li>\r\n<li class=\"blocks-gallery-item\">\r\n<figure><img data-recalc-dims=\"1\" loading=\"lazy\" decoding=\"async\" width=\"700\" height=\"1050\" class=\"wp-image-419\" src=\"https:\/\/i0.wp.com\/www.minpx.com\/wp-content\/uploads\/2019\/05\/godafossR04c.jpg?resize=700%2C1050\" alt=\"\" data-id=\"419\" data-link=\"http:\/\/www.minpx.com\/?attachment_id=419\" srcset=\"https:\/\/i0.wp.com\/www.minpx.com\/wp-content\/uploads\/2019\/05\/godafossR04c.jpg?resize=700%2C1050 700w, https:\/\/i0.wp.com\/www.minpx.com\/wp-content\/uploads\/2019\/05\/godafossR04c.jpg?resize=200%2C300 200w, https:\/\/i0.wp.com\/www.minpx.com\/wp-content\/uploads\/2019\/05\/godafossR04c.jpg?resize=768%2C1152 768w, https:\/\/i0.wp.com\/www.minpx.com\/wp-content\/uploads\/2019\/05\/godafossR04c.jpg?w=1365 1365w\" sizes=\"auto, (max-width: 700px) 100vw, 700px\" \/><\/figure>\r\n<\/li>\r\n<\/ul>\r\n\r\n\r\n\r\n<ul class=\"wp-block-gallery columns-2 is-cropped wp-block-gallery-4 is-layout-flex wp-block-gallery-is-layout-flex\">\r\n<li class=\"blocks-gallery-item\">\r\n<figure><img data-recalc-dims=\"1\" loading=\"lazy\" decoding=\"async\" width=\"700\" height=\"467\" class=\"wp-image-420\" src=\"https:\/\/i0.wp.com\/www.minpx.com\/wp-content\/uploads\/2019\/05\/godafossL02.jpg?resize=700%2C467\" alt=\"\" data-id=\"420\" data-link=\"http:\/\/www.minpx.com\/?attachment_id=420\" srcset=\"https:\/\/i0.wp.com\/www.minpx.com\/wp-content\/uploads\/2019\/05\/godafossL02.jpg?resize=700%2C467 700w, https:\/\/i0.wp.com\/www.minpx.com\/wp-content\/uploads\/2019\/05\/godafossL02.jpg?resize=300%2C200 300w, https:\/\/i0.wp.com\/www.minpx.com\/wp-content\/uploads\/2019\/05\/godafossL02.jpg?resize=768%2C512 768w, https:\/\/i0.wp.com\/www.minpx.com\/wp-content\/uploads\/2019\/05\/godafossL02.jpg?w=2048 2048w, https:\/\/i0.wp.com\/www.minpx.com\/wp-content\/uploads\/2019\/05\/godafossL02.jpg?w=1540 1540w\" sizes=\"auto, (max-width: 700px) 100vw, 700px\" \/><\/figure>\r\n<\/li>\r\n<li class=\"blocks-gallery-item\">\r\n<figure><img data-recalc-dims=\"1\" loading=\"lazy\" decoding=\"async\" width=\"700\" height=\"1050\" class=\"wp-image-421\" src=\"https:\/\/i0.wp.com\/www.minpx.com\/wp-content\/uploads\/2019\/05\/godafossL01.jpg?resize=700%2C1050\" alt=\"\" data-id=\"421\" data-link=\"http:\/\/www.minpx.com\/?attachment_id=421\" srcset=\"https:\/\/i0.wp.com\/www.minpx.com\/wp-content\/uploads\/2019\/05\/godafossL01.jpg?resize=700%2C1050 700w, https:\/\/i0.wp.com\/www.minpx.com\/wp-content\/uploads\/2019\/05\/godafossL01.jpg?resize=200%2C300 200w, https:\/\/i0.wp.com\/www.minpx.com\/wp-content\/uploads\/2019\/05\/godafossL01.jpg?resize=768%2C1152 768w, https:\/\/i0.wp.com\/www.minpx.com\/wp-content\/uploads\/2019\/05\/godafossL01.jpg?w=1365 1365w\" sizes=\"auto, (max-width: 700px) 100vw, 700px\" \/><\/figure>\r\n<\/li>\r\n<\/ul>\r\n\r\n\r\n\r\n<p>Der Weg auf der linken Seite, um bis zum Wasserfall zu kommen, ist vergleichsweise einfach, es ist beinahe so wie in einem Park spazieren zu gehen. Der Weg kann, wie wir beobachten k\u00f6nnen auch von \u00e4lteren, gebrechlichen Personen und auch von jenen die nicht mehr ganz so fit zu Fu\u00df sind bew\u00e4ltigt werden, um ebenfalls in den Genuss dieses Naturschauspiels zu kommen. Auf der linken Seite gibt es dazu einen Abstieg zu einem schmalen, felsigen Uferbereich, wo man einen ganz besonderen Blick auf den Wasserfall bekommt.\u00a0<\/p>\r\n\r\n\r\n\r\n<p style=\"text-align: center;\">\u00a0Go\u00f0afoss &#8211; Wasserfall der G\u00f6tter\u00a0<\/p>\r\n\r\n\r\n\r\n<figure class=\"wp-block-image\"><img data-recalc-dims=\"1\" loading=\"lazy\" decoding=\"async\" width=\"770\" height=\"257\" class=\"wp-image-422\" src=\"https:\/\/i0.wp.com\/www.minpx.com\/wp-content\/uploads\/2019\/05\/godafossT01.jpg?resize=770%2C257\" alt=\"\" srcset=\"https:\/\/i0.wp.com\/www.minpx.com\/wp-content\/uploads\/2019\/05\/godafossT01.jpg?w=2048 2048w, https:\/\/i0.wp.com\/www.minpx.com\/wp-content\/uploads\/2019\/05\/godafossT01.jpg?resize=300%2C100 300w, https:\/\/i0.wp.com\/www.minpx.com\/wp-content\/uploads\/2019\/05\/godafossT01.jpg?resize=768%2C256 768w, https:\/\/i0.wp.com\/www.minpx.com\/wp-content\/uploads\/2019\/05\/godafossT01.jpg?resize=700%2C233 700w, https:\/\/i0.wp.com\/www.minpx.com\/wp-content\/uploads\/2019\/05\/godafossT01.jpg?w=1540 1540w\" sizes=\"auto, (max-width: 770px) 100vw, 770px\" \/><\/figure>\r\n\r\n\r\n\r\n<p>Wir sind zufrieden und da es zunehmend mehr Poser und Selbstdarsteller zu diesem Naturdenkmal zieht, sind wir mit unserer kleinen Tour rund um Go\u00f0afoss zufrieden und wir hatten zugegeben auch ein wenig Gl\u00fcck gerade ein Zeitfenster erwischt zu haben wo nicht ganz so viele respekt- und distanzlose Figuren herumstolpern.<\/p>\r\n\r\n\r\n\r\n<p>Am Parkplatz sieht man auch den Grund, er ist voll mit dutzenden Bussen, Wohnmobilen und Autos und die Freude und Erleichterung von hier weg zu fahren und nicht gerade erst zu kommen ist wirklich gro\u00df.\u00a0<\/p>\r\n\r\n\r\n\r\n<p>Wir setzen unsere Fahrt entlang der Stra\u00dfe 1 fort um bei n\u00e4chster Gelegenheit, wir sind nur ein paar km weit gekommen, an einem Rastplatz noch vor\u00a0Fnj\u00f3skadalur zu halten, um die sch\u00f6ne Aussicht zu bewundern und ein Picknick zu machen. Kurz vor unserer Weiterfahrt gab es dann noch ein sehr unangenehmes Erlebnis, zum Gl\u00fcck das Einzige dieser Art.<\/p>\r\n\r\n\r\n\r\n<ul class=\"wp-block-gallery columns-2 is-cropped wp-block-gallery-5 is-layout-flex wp-block-gallery-is-layout-flex\">\r\n<li class=\"blocks-gallery-item\">\r\n<figure><img data-recalc-dims=\"1\" loading=\"lazy\" decoding=\"async\" width=\"700\" height=\"1050\" class=\"wp-image-423\" src=\"https:\/\/i0.wp.com\/www.minpx.com\/wp-content\/uploads\/2019\/05\/Fnj%C3%B3skadalur2.jpg?resize=700%2C1050\" alt=\"\" data-id=\"423\" data-link=\"http:\/\/www.minpx.com\/?attachment_id=423\" srcset=\"https:\/\/i0.wp.com\/www.minpx.com\/wp-content\/uploads\/2019\/05\/Fnj%C3%B3skadalur2.jpg?resize=700%2C1050 700w, https:\/\/i0.wp.com\/www.minpx.com\/wp-content\/uploads\/2019\/05\/Fnj%C3%B3skadalur2.jpg?resize=200%2C300 200w, https:\/\/i0.wp.com\/www.minpx.com\/wp-content\/uploads\/2019\/05\/Fnj%C3%B3skadalur2.jpg?resize=768%2C1152 768w, https:\/\/i0.wp.com\/www.minpx.com\/wp-content\/uploads\/2019\/05\/Fnj%C3%B3skadalur2.jpg?w=1365 1365w\" sizes=\"auto, (max-width: 700px) 100vw, 700px\" \/><\/figure>\r\n<\/li>\r\n<li class=\"blocks-gallery-item\">\r\n<figure><img data-recalc-dims=\"1\" loading=\"lazy\" decoding=\"async\" width=\"700\" height=\"467\" class=\"wp-image-424\" src=\"https:\/\/i0.wp.com\/www.minpx.com\/wp-content\/uploads\/2019\/05\/Fnj%C3%B3skadalur1.jpg?resize=700%2C467\" alt=\"\" data-id=\"424\" data-link=\"http:\/\/www.minpx.com\/?attachment_id=424\" srcset=\"https:\/\/i0.wp.com\/www.minpx.com\/wp-content\/uploads\/2019\/05\/Fnj%C3%B3skadalur1.jpg?resize=700%2C467 700w, https:\/\/i0.wp.com\/www.minpx.com\/wp-content\/uploads\/2019\/05\/Fnj%C3%B3skadalur1.jpg?resize=300%2C200 300w, https:\/\/i0.wp.com\/www.minpx.com\/wp-content\/uploads\/2019\/05\/Fnj%C3%B3skadalur1.jpg?resize=768%2C512 768w, https:\/\/i0.wp.com\/www.minpx.com\/wp-content\/uploads\/2019\/05\/Fnj%C3%B3skadalur1.jpg?w=2048 2048w, https:\/\/i0.wp.com\/www.minpx.com\/wp-content\/uploads\/2019\/05\/Fnj%C3%B3skadalur1.jpg?w=1540 1540w\" sizes=\"auto, (max-width: 700px) 100vw, 700px\" \/><\/figure>\r\n<\/li>\r\n<\/ul>\r\n\r\n\r\n\r\n<p>Engl\u00e4nder sind, soweit ich sie kenne, h\u00f6fliche, zuvorkommende Menschen aber diese Gruppe die auf den Rastplatz regelrecht eingefallen ist, hat davon offenbar noch nie etwas geh\u00f6rt. Kaum angekommen st\u00fcrmen junge Erwachsene aus den Autos auf die kleine Wiese mit einem Rugby-Ei. \u00a0Meine erste Vermutung ist ein Spiel der australischen Version aber damit hat das Gesehen nichts zu tun. Jedenfalls hat diese Rowdyeinlage keine \u00c4hnlichkeit mit einem Sport, eine Stra\u00dfenschl\u00e4gerei besoffener, gr\u00f6lender Hooligans w\u00e4re das weitaus passendere Bild. V\u00f6llig ungeniert und ungehemmt schreien und kreischen diese Wilden einige Minuten auf dem Platz und verbreiten eine widerliche, aggressive Stimmung.<\/p>\r\n\r\n\r\n\r\n<p>Dieses groteske Schauspiel l\u00e4sst uns also unmittelbar die Flucht ergreifen. Da es nur wenige Minuten gedauert hat bis wir wieder unterwegs sind, blieb es ein unbeeindruckter Moment aber ernsthaft, so benimmt sich niemand mit ausreichendem Verstand, weder in einer Euphorie oder einer Ausgelassenheit, noch hat das irgendwas mit Spielfreude oder Spa\u00df zu tun.\u00a0\u00a0<\/p>\r\n\r\n\r\n\r\n<p>Da wir uns nicht weiter mit der Fragen besch\u00e4ftigen wollen warum es solche Idioten auf der Welt braucht, genie\u00dfen wir wieder unsere Fahrt und den Blick auf die so abwechslungsreiche und reichhaltige Natur.<\/p>\r\n\r\n\r\n\r\n<figure class=\"wp-block-image\"><img data-recalc-dims=\"1\" loading=\"lazy\" decoding=\"async\" width=\"700\" height=\"467\" class=\"wp-image-425\" src=\"https:\/\/i0.wp.com\/www.minpx.com\/wp-content\/uploads\/2019\/05\/Fnj%C3%B3skadalurB1.jpg?resize=700%2C467\" alt=\"\" srcset=\"https:\/\/i0.wp.com\/www.minpx.com\/wp-content\/uploads\/2019\/05\/Fnj%C3%B3skadalurB1.jpg?resize=700%2C467 700w, https:\/\/i0.wp.com\/www.minpx.com\/wp-content\/uploads\/2019\/05\/Fnj%C3%B3skadalurB1.jpg?resize=300%2C200 300w, https:\/\/i0.wp.com\/www.minpx.com\/wp-content\/uploads\/2019\/05\/Fnj%C3%B3skadalurB1.jpg?resize=768%2C512 768w, https:\/\/i0.wp.com\/www.minpx.com\/wp-content\/uploads\/2019\/05\/Fnj%C3%B3skadalurB1.jpg?w=2048 2048w, https:\/\/i0.wp.com\/www.minpx.com\/wp-content\/uploads\/2019\/05\/Fnj%C3%B3skadalurB1.jpg?w=1540 1540w\" sizes=\"auto, (max-width: 700px) 100vw, 700px\" \/><\/figure>\r\n\r\n\r\n\r\n<p>Das Tal Fnj\u00f3skadalur, durch den der Flu\u00df\u00a0\u00a0Fnj\u00f3sk\u00e1 str\u00f6mt, erlaubt f\u00fcr isl\u00e4ndische Verh\u00e4ltnisse eine ungewohnt hohe landwirtschaftliche Nutzung. Sand und Schotter der auf dem Basalt aufliegt, ergibt einen durchaus fruchtbaren Boden.\u00a0<\/p>\r\n\r\n\r\n\r\n<p>Das Ziel des heutigen Tages ist Akureyri, der Hauptstadt des Norden, und dorthin k\u00e4men wir auf der 1 recht z\u00fcgig durch den Tunnel\u00a0\u00a0Va\u00f0lahei\u00f0arg\u00f6ngaber, wir entscheiden uns f\u00fcr die 84, die Bergstra\u00dfe\u00a0V\u00edkurskar\u00f0,abzubiegen, da wir noch genug Zeit haben. Wir kommen dabei \u00fcber den gleichnamigen Pass auf 325m und haben dort einen unvergesslichen Blick \u00fcber den Fjord\u00a0Eyjafj\u00f6r\u00f0ur.<\/p>\r\n\r\n\r\n\r\n<ul class=\"wp-block-gallery columns-2 is-cropped wp-block-gallery-6 is-layout-flex wp-block-gallery-is-layout-flex\">\r\n<li class=\"blocks-gallery-item\">\r\n<figure><img data-recalc-dims=\"1\" loading=\"lazy\" decoding=\"async\" width=\"700\" height=\"175\" class=\"wp-image-426\" src=\"https:\/\/i0.wp.com\/www.minpx.com\/wp-content\/uploads\/2019\/05\/Eyjafj%C3%B6rdur2.jpg?resize=700%2C175\" alt=\"\" data-id=\"426\" data-link=\"http:\/\/www.minpx.com\/?attachment_id=426\" srcset=\"https:\/\/i0.wp.com\/www.minpx.com\/wp-content\/uploads\/2019\/05\/Eyjafj%C3%B6rdur2.jpg?resize=700%2C175 700w, https:\/\/i0.wp.com\/www.minpx.com\/wp-content\/uploads\/2019\/05\/Eyjafj%C3%B6rdur2.jpg?resize=300%2C75 300w, https:\/\/i0.wp.com\/www.minpx.com\/wp-content\/uploads\/2019\/05\/Eyjafj%C3%B6rdur2.jpg?resize=768%2C192 768w, https:\/\/i0.wp.com\/www.minpx.com\/wp-content\/uploads\/2019\/05\/Eyjafj%C3%B6rdur2.jpg?w=2048 2048w, https:\/\/i0.wp.com\/www.minpx.com\/wp-content\/uploads\/2019\/05\/Eyjafj%C3%B6rdur2.jpg?w=1540 1540w\" sizes=\"auto, (max-width: 700px) 100vw, 700px\" \/><\/figure>\r\n<\/li>\r\n<li class=\"blocks-gallery-item\">\r\n<figure><img data-recalc-dims=\"1\" loading=\"lazy\" decoding=\"async\" width=\"700\" height=\"467\" class=\"wp-image-427\" src=\"https:\/\/i0.wp.com\/www.minpx.com\/wp-content\/uploads\/2019\/05\/Eyjafj%C3%B6rdur1.jpg?resize=700%2C467\" alt=\"\" data-id=\"427\" data-link=\"http:\/\/www.minpx.com\/?attachment_id=427\" srcset=\"https:\/\/i0.wp.com\/www.minpx.com\/wp-content\/uploads\/2019\/05\/Eyjafj%C3%B6rdur1.jpg?resize=700%2C467 700w, https:\/\/i0.wp.com\/www.minpx.com\/wp-content\/uploads\/2019\/05\/Eyjafj%C3%B6rdur1.jpg?resize=300%2C200 300w, https:\/\/i0.wp.com\/www.minpx.com\/wp-content\/uploads\/2019\/05\/Eyjafj%C3%B6rdur1.jpg?resize=768%2C512 768w, https:\/\/i0.wp.com\/www.minpx.com\/wp-content\/uploads\/2019\/05\/Eyjafj%C3%B6rdur1.jpg?w=2048 2048w, https:\/\/i0.wp.com\/www.minpx.com\/wp-content\/uploads\/2019\/05\/Eyjafj%C3%B6rdur1.jpg?w=1540 1540w\" sizes=\"auto, (max-width: 700px) 100vw, 700px\" \/><\/figure>\r\n<\/li>\r\n<\/ul>\r\n\r\n\r\n\r\n<p>Bereits am fr\u00fchen Nachmittag sind wir in\u00a0Akureyri und so haben wir noch Zeit am Hafen und an der Uferpromenade spazieren zu gehen, ganz ungewohnt ohne Kamera. Einfach nur die Zeit und den Ort wirken lassen, in Ruhe die vergangenen Tage Revue passieren und die Hektik hinter uns lassen. Hier und Jetzt ist wichtig und sonst nichts.<\/p>\r\n\r\n\r\n\r\n<p>Es ist interessant und sehenswert und nach etwas Entspannung entschlie\u00dfen wir uns doch die Kameras zu holen und die V\u00f6gel bei der Jagd zu begleiten. Im Wind der leicht aus S\u00fcden weht versuchen die Tiere in der Luft die Position etwas zu halten und die Beute, den Fisch, im Wasser auszumachen. Die K\u00fcstenseeschwalbe fliegt dabei immer etwa 100 bis 150m gegen den Wind, parallel und in direkter N\u00e4he zur Uferpromenade um dann die Fische zu verfolgen und sich dabei vom Wind r\u00fcckw\u00e4rts wieder Richtung Norden tragen zu lassen. Immer wieder st\u00f6\u00dft der Vogel dann durch die Wasseroberfl\u00e4che um die Beute zu erwischen. Dieser Vorgang wiederholt sich dutzende Male und es ist erstaunlich wieviel Ausdauer die V\u00f6gel an den Tag legen. K\u00fcstenseeschwalben werden wir einige Tage sp\u00e4ter wieder sehr intensiv erleben. Als wir unbeabsichtigt einer Brutkolonie zu nahe kommen, werden wir durch w\u00fctende Tiere im Sturzflug mit Scheinangriffen attackiert. Es versteht sich von selbst, dass wir uns sofort zur\u00fcckziehen, um den Tieren keinen weiteren Stress zu machen.\u00a0<\/p>\r\n\r\n\r\n\r\n<ul class=\"wp-block-gallery columns-2 is-cropped wp-block-gallery-7 is-layout-flex wp-block-gallery-is-layout-flex\">\r\n<li class=\"blocks-gallery-item\">\r\n<figure><img data-recalc-dims=\"1\" loading=\"lazy\" decoding=\"async\" width=\"700\" height=\"467\" class=\"wp-image-428\" src=\"https:\/\/i0.wp.com\/www.minpx.com\/wp-content\/uploads\/2019\/05\/Kuestenseeschwalbe03.jpg?resize=700%2C467\" alt=\"\" data-id=\"428\" data-link=\"http:\/\/www.minpx.com\/?attachment_id=428\" srcset=\"https:\/\/i0.wp.com\/www.minpx.com\/wp-content\/uploads\/2019\/05\/Kuestenseeschwalbe03.jpg?resize=700%2C467 700w, https:\/\/i0.wp.com\/www.minpx.com\/wp-content\/uploads\/2019\/05\/Kuestenseeschwalbe03.jpg?resize=300%2C200 300w, https:\/\/i0.wp.com\/www.minpx.com\/wp-content\/uploads\/2019\/05\/Kuestenseeschwalbe03.jpg?resize=768%2C512 768w, https:\/\/i0.wp.com\/www.minpx.com\/wp-content\/uploads\/2019\/05\/Kuestenseeschwalbe03.jpg?w=2048 2048w, https:\/\/i0.wp.com\/www.minpx.com\/wp-content\/uploads\/2019\/05\/Kuestenseeschwalbe03.jpg?w=1540 1540w\" sizes=\"auto, (max-width: 700px) 100vw, 700px\" \/><\/figure>\r\n<\/li>\r\n<li class=\"blocks-gallery-item\">\r\n<figure><img data-recalc-dims=\"1\" loading=\"lazy\" decoding=\"async\" width=\"700\" height=\"467\" class=\"wp-image-429\" src=\"https:\/\/i0.wp.com\/www.minpx.com\/wp-content\/uploads\/2019\/05\/Kuestenseeschwalbe02.jpg?resize=700%2C467\" alt=\"\" data-id=\"429\" data-link=\"http:\/\/www.minpx.com\/?attachment_id=429\" srcset=\"https:\/\/i0.wp.com\/www.minpx.com\/wp-content\/uploads\/2019\/05\/Kuestenseeschwalbe02.jpg?resize=700%2C467 700w, https:\/\/i0.wp.com\/www.minpx.com\/wp-content\/uploads\/2019\/05\/Kuestenseeschwalbe02.jpg?resize=300%2C200 300w, https:\/\/i0.wp.com\/www.minpx.com\/wp-content\/uploads\/2019\/05\/Kuestenseeschwalbe02.jpg?resize=768%2C512 768w, https:\/\/i0.wp.com\/www.minpx.com\/wp-content\/uploads\/2019\/05\/Kuestenseeschwalbe02.jpg?w=2048 2048w, https:\/\/i0.wp.com\/www.minpx.com\/wp-content\/uploads\/2019\/05\/Kuestenseeschwalbe02.jpg?w=1540 1540w\" sizes=\"auto, (max-width: 700px) 100vw, 700px\" \/><\/figure>\r\n<\/li>\r\n<li class=\"blocks-gallery-item\">\r\n<figure><img data-recalc-dims=\"1\" loading=\"lazy\" decoding=\"async\" width=\"700\" height=\"467\" class=\"wp-image-430\" src=\"https:\/\/i0.wp.com\/www.minpx.com\/wp-content\/uploads\/2019\/05\/kuestenseeschwalbe01.jpg?resize=700%2C467\" alt=\"\" data-id=\"430\" data-link=\"http:\/\/www.minpx.com\/?attachment_id=430\" srcset=\"https:\/\/i0.wp.com\/www.minpx.com\/wp-content\/uploads\/2019\/05\/kuestenseeschwalbe01.jpg?resize=700%2C467 700w, https:\/\/i0.wp.com\/www.minpx.com\/wp-content\/uploads\/2019\/05\/kuestenseeschwalbe01.jpg?resize=300%2C200 300w, https:\/\/i0.wp.com\/www.minpx.com\/wp-content\/uploads\/2019\/05\/kuestenseeschwalbe01.jpg?resize=768%2C512 768w, https:\/\/i0.wp.com\/www.minpx.com\/wp-content\/uploads\/2019\/05\/kuestenseeschwalbe01.jpg?w=2048 2048w, https:\/\/i0.wp.com\/www.minpx.com\/wp-content\/uploads\/2019\/05\/kuestenseeschwalbe01.jpg?w=1540 1540w\" sizes=\"auto, (max-width: 700px) 100vw, 700px\" \/><\/figure>\r\n<\/li>\r\n<\/ul>\r\n\r\n\r\n\r\n<p>Ebenfalls dort zu Hause sind Eiderenten, Lachm\u00f6wen, Mittels\u00e4ger oder der Austernfischer.<\/p>\r\n\r\n\r\n\r\n<ul class=\"wp-block-gallery columns-3 is-cropped wp-block-gallery-8 is-layout-flex wp-block-gallery-is-layout-flex\">\r\n<li class=\"blocks-gallery-item\">\r\n<figure><img data-recalc-dims=\"1\" loading=\"lazy\" decoding=\"async\" width=\"700\" height=\"467\" class=\"wp-image-432\" src=\"https:\/\/i0.wp.com\/www.minpx.com\/wp-content\/uploads\/2019\/05\/Eiderente02.jpg?resize=700%2C467\" alt=\"\" data-id=\"432\" data-link=\"http:\/\/www.minpx.com\/?attachment_id=432\" srcset=\"https:\/\/i0.wp.com\/www.minpx.com\/wp-content\/uploads\/2019\/05\/Eiderente02.jpg?resize=700%2C467 700w, https:\/\/i0.wp.com\/www.minpx.com\/wp-content\/uploads\/2019\/05\/Eiderente02.jpg?resize=300%2C200 300w, https:\/\/i0.wp.com\/www.minpx.com\/wp-content\/uploads\/2019\/05\/Eiderente02.jpg?resize=768%2C512 768w, https:\/\/i0.wp.com\/www.minpx.com\/wp-content\/uploads\/2019\/05\/Eiderente02.jpg?w=2048 2048w, https:\/\/i0.wp.com\/www.minpx.com\/wp-content\/uploads\/2019\/05\/Eiderente02.jpg?w=1540 1540w\" sizes=\"auto, (max-width: 700px) 100vw, 700px\" \/>\r\n<figcaption>Eiderente<\/figcaption>\r\n<\/figure>\r\n<\/li>\r\n<li class=\"blocks-gallery-item\">\r\n<figure><img data-recalc-dims=\"1\" loading=\"lazy\" decoding=\"async\" width=\"700\" height=\"467\" class=\"wp-image-433\" src=\"https:\/\/i0.wp.com\/www.minpx.com\/wp-content\/uploads\/2019\/05\/lachmoewe.jpg?resize=700%2C467\" alt=\"\" data-id=\"433\" data-link=\"http:\/\/www.minpx.com\/?attachment_id=433\" srcset=\"https:\/\/i0.wp.com\/www.minpx.com\/wp-content\/uploads\/2019\/05\/lachmoewe.jpg?resize=700%2C467 700w, https:\/\/i0.wp.com\/www.minpx.com\/wp-content\/uploads\/2019\/05\/lachmoewe.jpg?resize=300%2C200 300w, https:\/\/i0.wp.com\/www.minpx.com\/wp-content\/uploads\/2019\/05\/lachmoewe.jpg?resize=768%2C512 768w, https:\/\/i0.wp.com\/www.minpx.com\/wp-content\/uploads\/2019\/05\/lachmoewe.jpg?w=2048 2048w, https:\/\/i0.wp.com\/www.minpx.com\/wp-content\/uploads\/2019\/05\/lachmoewe.jpg?w=1540 1540w\" sizes=\"auto, (max-width: 700px) 100vw, 700px\" \/>\r\n<figcaption>Lachm\u00f6we<\/figcaption>\r\n<\/figure>\r\n<\/li>\r\n<li class=\"blocks-gallery-item\">\r\n<figure><img data-recalc-dims=\"1\" loading=\"lazy\" decoding=\"async\" width=\"700\" height=\"467\" class=\"wp-image-434\" src=\"https:\/\/i0.wp.com\/www.minpx.com\/wp-content\/uploads\/2019\/05\/EiderentenNachwuchs1.jpg?resize=700%2C467\" alt=\"\" data-id=\"434\" data-link=\"http:\/\/www.minpx.com\/?attachment_id=434\" srcset=\"https:\/\/i0.wp.com\/www.minpx.com\/wp-content\/uploads\/2019\/05\/EiderentenNachwuchs1.jpg?resize=700%2C467 700w, https:\/\/i0.wp.com\/www.minpx.com\/wp-content\/uploads\/2019\/05\/EiderentenNachwuchs1.jpg?resize=300%2C200 300w, https:\/\/i0.wp.com\/www.minpx.com\/wp-content\/uploads\/2019\/05\/EiderentenNachwuchs1.jpg?resize=768%2C512 768w, https:\/\/i0.wp.com\/www.minpx.com\/wp-content\/uploads\/2019\/05\/EiderentenNachwuchs1.jpg?w=2048 2048w, https:\/\/i0.wp.com\/www.minpx.com\/wp-content\/uploads\/2019\/05\/EiderentenNachwuchs1.jpg?w=1540 1540w\" sizes=\"auto, (max-width: 700px) 100vw, 700px\" \/>\r\n<figcaption>Eiderentenfamilie<\/figcaption>\r\n<\/figure>\r\n<\/li>\r\n<li class=\"blocks-gallery-item\">\r\n<figure><img data-recalc-dims=\"1\" loading=\"lazy\" decoding=\"async\" width=\"700\" height=\"467\" class=\"wp-image-435\" src=\"https:\/\/i0.wp.com\/www.minpx.com\/wp-content\/uploads\/2019\/05\/Mittelsaeger-1.jpg?resize=700%2C467\" alt=\"\" data-id=\"435\" data-link=\"http:\/\/www.minpx.com\/?attachment_id=435\" srcset=\"https:\/\/i0.wp.com\/www.minpx.com\/wp-content\/uploads\/2019\/05\/Mittelsaeger-1.jpg?resize=700%2C467 700w, https:\/\/i0.wp.com\/www.minpx.com\/wp-content\/uploads\/2019\/05\/Mittelsaeger-1.jpg?resize=300%2C200 300w, https:\/\/i0.wp.com\/www.minpx.com\/wp-content\/uploads\/2019\/05\/Mittelsaeger-1.jpg?resize=768%2C512 768w, https:\/\/i0.wp.com\/www.minpx.com\/wp-content\/uploads\/2019\/05\/Mittelsaeger-1.jpg?w=2048 2048w, https:\/\/i0.wp.com\/www.minpx.com\/wp-content\/uploads\/2019\/05\/Mittelsaeger-1.jpg?w=1540 1540w\" sizes=\"auto, (max-width: 700px) 100vw, 700px\" \/>\r\n<figcaption>Mittels\u00e4ger<\/figcaption>\r\n<\/figure>\r\n<\/li>\r\n<\/ul>\r\n\r\n\r\n\r\n<p>Zum Abschluss dieser langen, sehr intensiven Beobachtung gab es auch noch einen kurzen aber sehr heftigen Luftkampf einer ganzen Armee von Lach- und Silberm\u00f6wen gemeinsam mit einigen K\u00fcstenseeschwalben gegen einen einzelnen Vogel, vermutlich eine Schmarotzeraubm\u00f6we. Der Eindringling kann jedenfalls verjagt werden und er entkommt unverletzt.<\/p>\r\n\r\n\r\n\r\n<ul class=\"wp-block-gallery columns-3 is-cropped wp-block-gallery-9 is-layout-flex wp-block-gallery-is-layout-flex\">\r\n<li class=\"blocks-gallery-item\">\r\n<figure><img data-recalc-dims=\"1\" loading=\"lazy\" decoding=\"async\" width=\"700\" height=\"467\" class=\"wp-image-436\" src=\"https:\/\/i0.wp.com\/www.minpx.com\/wp-content\/uploads\/2019\/05\/luftkampf01.jpg?resize=700%2C467\" alt=\"\" data-id=\"436\" data-link=\"http:\/\/www.minpx.com\/?attachment_id=436\" srcset=\"https:\/\/i0.wp.com\/www.minpx.com\/wp-content\/uploads\/2019\/05\/luftkampf01.jpg?resize=700%2C467 700w, https:\/\/i0.wp.com\/www.minpx.com\/wp-content\/uploads\/2019\/05\/luftkampf01.jpg?resize=300%2C200 300w, https:\/\/i0.wp.com\/www.minpx.com\/wp-content\/uploads\/2019\/05\/luftkampf01.jpg?resize=768%2C512 768w, https:\/\/i0.wp.com\/www.minpx.com\/wp-content\/uploads\/2019\/05\/luftkampf01.jpg?w=2048 2048w, https:\/\/i0.wp.com\/www.minpx.com\/wp-content\/uploads\/2019\/05\/luftkampf01.jpg?w=1540 1540w\" sizes=\"auto, (max-width: 700px) 100vw, 700px\" \/><\/figure>\r\n<\/li>\r\n<li class=\"blocks-gallery-item\">\r\n<figure><img data-recalc-dims=\"1\" loading=\"lazy\" decoding=\"async\" width=\"700\" height=\"467\" class=\"wp-image-438\" src=\"https:\/\/i0.wp.com\/www.minpx.com\/wp-content\/uploads\/2019\/05\/luftkampf.jpg?resize=700%2C467\" alt=\"\" data-id=\"438\" data-link=\"http:\/\/www.minpx.com\/?attachment_id=438\" srcset=\"https:\/\/i0.wp.com\/www.minpx.com\/wp-content\/uploads\/2019\/05\/luftkampf.jpg?resize=700%2C467 700w, https:\/\/i0.wp.com\/www.minpx.com\/wp-content\/uploads\/2019\/05\/luftkampf.jpg?resize=300%2C200 300w, https:\/\/i0.wp.com\/www.minpx.com\/wp-content\/uploads\/2019\/05\/luftkampf.jpg?resize=768%2C512 768w, https:\/\/i0.wp.com\/www.minpx.com\/wp-content\/uploads\/2019\/05\/luftkampf.jpg?w=2048 2048w, https:\/\/i0.wp.com\/www.minpx.com\/wp-content\/uploads\/2019\/05\/luftkampf.jpg?w=1540 1540w\" sizes=\"auto, (max-width: 700px) 100vw, 700px\" \/><\/figure>\r\n<\/li>\r\n<li class=\"blocks-gallery-item\">\r\n<figure><img data-recalc-dims=\"1\" loading=\"lazy\" decoding=\"async\" width=\"700\" height=\"467\" class=\"wp-image-439\" src=\"https:\/\/i0.wp.com\/www.minpx.com\/wp-content\/uploads\/2019\/05\/luftkampf02-1.jpg?resize=700%2C467\" alt=\"\" data-id=\"439\" data-link=\"http:\/\/www.minpx.com\/?attachment_id=439\" srcset=\"https:\/\/i0.wp.com\/www.minpx.com\/wp-content\/uploads\/2019\/05\/luftkampf02-1.jpg?resize=700%2C467 700w, https:\/\/i0.wp.com\/www.minpx.com\/wp-content\/uploads\/2019\/05\/luftkampf02-1.jpg?resize=300%2C200 300w, https:\/\/i0.wp.com\/www.minpx.com\/wp-content\/uploads\/2019\/05\/luftkampf02-1.jpg?resize=768%2C512 768w, https:\/\/i0.wp.com\/www.minpx.com\/wp-content\/uploads\/2019\/05\/luftkampf02-1.jpg?w=2048 2048w, https:\/\/i0.wp.com\/www.minpx.com\/wp-content\/uploads\/2019\/05\/luftkampf02-1.jpg?w=1540 1540w\" sizes=\"auto, (max-width: 700px) 100vw, 700px\" \/><\/figure>\r\n<\/li>\r\n<\/ul>\r\n\r\n\r\n\r\n<p>Auch im Hafenbereich und auch entlang der Promenade finden sich dankbare Motive. In diesen wenigen Stunden habe ich \u00fcber 400 Bilder auf die Speicherkarte geschossen.<\/p>\r\n\r\n\r\n\r\n<ul class=\"wp-block-gallery columns-3 is-cropped wp-block-gallery-10 is-layout-flex wp-block-gallery-is-layout-flex\">\r\n<li class=\"blocks-gallery-item\">\r\n<figure><img data-recalc-dims=\"1\" loading=\"lazy\" decoding=\"async\" width=\"700\" height=\"467\" class=\"wp-image-440\" src=\"https:\/\/i0.wp.com\/www.minpx.com\/wp-content\/uploads\/2019\/05\/hafen02-700x467.jpg?resize=700%2C467\" alt=\"\" data-id=\"440\" data-link=\"http:\/\/www.minpx.com\/?attachment_id=440\" srcset=\"https:\/\/i0.wp.com\/www.minpx.com\/wp-content\/uploads\/2019\/05\/hafen02.jpg?resize=700%2C467 700w, https:\/\/i0.wp.com\/www.minpx.com\/wp-content\/uploads\/2019\/05\/hafen02.jpg?resize=300%2C200 300w, https:\/\/i0.wp.com\/www.minpx.com\/wp-content\/uploads\/2019\/05\/hafen02.jpg?resize=768%2C512 768w, https:\/\/i0.wp.com\/www.minpx.com\/wp-content\/uploads\/2019\/05\/hafen02.jpg?w=2048 2048w, https:\/\/i0.wp.com\/www.minpx.com\/wp-content\/uploads\/2019\/05\/hafen02.jpg?w=1540 1540w\" sizes=\"auto, (max-width: 700px) 100vw, 700px\" \/><\/figure>\r\n<\/li>\r\n<li class=\"blocks-gallery-item\">\r\n<figure><img data-recalc-dims=\"1\" loading=\"lazy\" decoding=\"async\" width=\"700\" height=\"467\" class=\"wp-image-441\" src=\"https:\/\/i0.wp.com\/www.minpx.com\/wp-content\/uploads\/2019\/05\/Hafen01.jpg?resize=700%2C467\" alt=\"\" data-id=\"441\" data-link=\"http:\/\/www.minpx.com\/?attachment_id=441\" srcset=\"https:\/\/i0.wp.com\/www.minpx.com\/wp-content\/uploads\/2019\/05\/Hafen01.jpg?resize=700%2C467 700w, https:\/\/i0.wp.com\/www.minpx.com\/wp-content\/uploads\/2019\/05\/Hafen01.jpg?resize=300%2C200 300w, https:\/\/i0.wp.com\/www.minpx.com\/wp-content\/uploads\/2019\/05\/Hafen01.jpg?resize=768%2C512 768w, https:\/\/i0.wp.com\/www.minpx.com\/wp-content\/uploads\/2019\/05\/Hafen01.jpg?w=2048 2048w, https:\/\/i0.wp.com\/www.minpx.com\/wp-content\/uploads\/2019\/05\/Hafen01.jpg?w=1540 1540w\" sizes=\"auto, (max-width: 700px) 100vw, 700px\" \/><\/figure>\r\n<\/li>\r\n<li class=\"blocks-gallery-item\">\r\n<figure><img data-recalc-dims=\"1\" loading=\"lazy\" decoding=\"async\" width=\"700\" height=\"467\" class=\"wp-image-442\" src=\"https:\/\/i0.wp.com\/www.minpx.com\/wp-content\/uploads\/2019\/05\/SchiffAnLand.jpg?resize=700%2C467\" alt=\"\" data-id=\"442\" data-link=\"http:\/\/www.minpx.com\/?attachment_id=442\" srcset=\"https:\/\/i0.wp.com\/www.minpx.com\/wp-content\/uploads\/2019\/05\/SchiffAnLand.jpg?resize=700%2C467 700w, https:\/\/i0.wp.com\/www.minpx.com\/wp-content\/uploads\/2019\/05\/SchiffAnLand.jpg?resize=300%2C200 300w, https:\/\/i0.wp.com\/www.minpx.com\/wp-content\/uploads\/2019\/05\/SchiffAnLand.jpg?resize=768%2C512 768w, https:\/\/i0.wp.com\/www.minpx.com\/wp-content\/uploads\/2019\/05\/SchiffAnLand.jpg?w=2048 2048w, https:\/\/i0.wp.com\/www.minpx.com\/wp-content\/uploads\/2019\/05\/SchiffAnLand.jpg?w=1540 1540w\" sizes=\"auto, (max-width: 700px) 100vw, 700px\" \/><\/figure>\r\n<\/li>\r\n<\/ul>\r\n\r\n\r\n\r\n<p>Es war wieder ein herrlicher Tag mit so wahnsinnigen und zahlreichen Eindr\u00fccken.<\/p>\r\n","protected":false},"excerpt":{"rendered":"<p>Nach einem guten Fr\u00fchst\u00fcck und nicht ganz so fr\u00fch wie die letzten Tage fahren wir von Laugar ausgehend zun\u00e4chst Richtung Norden um dann, statt geradeaus auf die Stra\u00dfe 845 zu fahren, links abzubiegen um\u00a0der Stra\u00dfe 1 weiter zu folgen. Der Tag beginnt sonnig und die Erfahrungen der bisherigen Reise wirken&hellip; <\/p>\n","protected":false},"author":1,"featured_media":444,"comment_status":"closed","ping_status":"closed","sticky":false,"template":"","format":"standard","meta":{"_jetpack_memberships_contains_paid_content":false,"footnotes":""},"categories":[13],"tags":[],"class_list":["post-410","post","type-post","status-publish","format-standard","has-post-thumbnail","hentry","category-nature-tour-iceland"],"jetpack_featured_media_url":"https:\/\/i0.wp.com\/www.minpx.com\/wp-content\/uploads\/2019\/05\/tag7.jpg?fit=2048%2C1365","jetpack_sharing_enabled":true,"_links":{"self":[{"href":"http:\/\/www.minpx.com\/index.php\/wp-json\/wp\/v2\/posts\/410","targetHints":{"allow":["GET"]}}],"collection":[{"href":"http:\/\/www.minpx.com\/index.php\/wp-json\/wp\/v2\/posts"}],"about":[{"href":"http:\/\/www.minpx.com\/index.php\/wp-json\/wp\/v2\/types\/post"}],"author":[{"embeddable":true,"href":"http:\/\/www.minpx.com\/index.php\/wp-json\/wp\/v2\/users\/1"}],"replies":[{"embeddable":true,"href":"http:\/\/www.minpx.com\/index.php\/wp-json\/wp\/v2\/comments?post=410"}],"version-history":[{"count":17,"href":"http:\/\/www.minpx.com\/index.php\/wp-json\/wp\/v2\/posts\/410\/revisions"}],"predecessor-version":[{"id":901,"href":"http:\/\/www.minpx.com\/index.php\/wp-json\/wp\/v2\/posts\/410\/revisions\/901"}],"wp:featuredmedia":[{"embeddable":true,"href":"http:\/\/www.minpx.com\/index.php\/wp-json\/wp\/v2\/media\/444"}],"wp:attachment":[{"href":"http:\/\/www.minpx.com\/index.php\/wp-json\/wp\/v2\/media?parent=410"}],"wp:term":[{"taxonomy":"category","embeddable":true,"href":"http:\/\/www.minpx.com\/index.php\/wp-json\/wp\/v2\/categories?post=410"},{"taxonomy":"post_tag","embeddable":true,"href":"http:\/\/www.minpx.com\/index.php\/wp-json\/wp\/v2\/tags?post=410"}],"curies":[{"name":"wp","href":"https:\/\/api.w.org\/{rel}","templated":true}]}}